{"id":2199,"date":"2023-07-01T12:34:53","date_gmt":"2023-07-01T10:34:53","guid":{"rendered":"http:\/\/sportymiejskie.pl\/?p=2199"},"modified":"2023-07-01T13:27:09","modified_gmt":"2023-07-01T11:27:09","slug":"red-bull-roof-ride-2023","status":"publish","type":"post","link":"https:\/\/sportymiejskie.pl\/index.php\/2023\/07\/01\/red-bull-roof-ride-2023\/","title":{"rendered":"Red Bull Roof Ride 2023"},"content":{"rendered":"\n<p>Kolejny raz <a href=\"https:\/\/www.redbull.com\/pl-pl\/events\/roof-ride\">Red Bull Roof Ride<\/a>&nbsp;rozegrano w Katowicach. Podobnie jak w 2021 r. tras\u0119 przejazdu poprowadzono z dach\u00f3w MCK &nbsp;na plac przed Spodkiem. Ta edycja zawod\u00f3w by\u0142a jeszcze wi\u0119ksza, bo swoj\u0105 oddzieln\u0105 tras\u0119 przejazdu mieli r\u00f3wnie\u017c nieco mniej zaawansowani riderzy. <\/p>\n\n\n\n<figure class=\"wp-block-image\"><img loading=\"lazy\" decoding=\"async\" width=\"1024\" height=\"768\" src=\"https:\/\/sportymiejskie.pl\/wp-content\/uploads\/2023\/07\/RbRr1-1024x768.jpg\" alt=\"\" class=\"wp-image-2200\" srcset=\"https:\/\/sportymiejskie.pl\/wp-content\/uploads\/2023\/07\/RbRr1-1024x768.jpg 1024w, https:\/\/sportymiejskie.pl\/wp-content\/uploads\/2023\/07\/RbRr1-300x225.jpg 300w, https:\/\/sportymiejskie.pl\/wp-content\/uploads\/2023\/07\/RbRr1-768x576.jpg 768w, https:\/\/sportymiejskie.pl\/wp-content\/uploads\/2023\/07\/RbRr1-150x113.jpg 150w, https:\/\/sportymiejskie.pl\/wp-content\/uploads\/2023\/07\/RbRr1-200x150.jpg 200w\" sizes=\"(max-width: 1024px) 100vw, 1024px\" \/><\/figure>\n\n\n\n<figure class=\"wp-block-image\"><img loading=\"lazy\" decoding=\"async\" width=\"1024\" height=\"768\" src=\"https:\/\/sportymiejskie.pl\/wp-content\/uploads\/2023\/07\/RbRr2-1024x768.jpg\" alt=\"\" class=\"wp-image-2201\" srcset=\"https:\/\/sportymiejskie.pl\/wp-content\/uploads\/2023\/07\/RbRr2-1024x768.jpg 1024w, https:\/\/sportymiejskie.pl\/wp-content\/uploads\/2023\/07\/RbRr2-300x225.jpg 300w, https:\/\/sportymiejskie.pl\/wp-content\/uploads\/2023\/07\/RbRr2-768x576.jpg 768w, https:\/\/sportymiejskie.pl\/wp-content\/uploads\/2023\/07\/RbRr2-150x113.jpg 150w, https:\/\/sportymiejskie.pl\/wp-content\/uploads\/2023\/07\/RbRr2-200x150.jpg 200w\" sizes=\"(max-width: 1024px) 100vw, 1024px\" \/><\/figure>\n\n\n\n<figure class=\"wp-block-image\"><img loading=\"lazy\" decoding=\"async\" width=\"1024\" height=\"768\" src=\"https:\/\/sportymiejskie.pl\/wp-content\/uploads\/2023\/07\/RbRr3-1024x768.jpg\" alt=\"\" class=\"wp-image-2202\" srcset=\"https:\/\/sportymiejskie.pl\/wp-content\/uploads\/2023\/07\/RbRr3-1024x768.jpg 1024w, https:\/\/sportymiejskie.pl\/wp-content\/uploads\/2023\/07\/RbRr3-300x225.jpg 300w, https:\/\/sportymiejskie.pl\/wp-content\/uploads\/2023\/07\/RbRr3-768x576.jpg 768w, https:\/\/sportymiejskie.pl\/wp-content\/uploads\/2023\/07\/RbRr3-150x113.jpg 150w, https:\/\/sportymiejskie.pl\/wp-content\/uploads\/2023\/07\/RbRr3-200x150.jpg 200w\" sizes=\"(max-width: 1024px) 100vw, 1024px\" \/><\/figure>\n\n\n\n<figure class=\"wp-block-image\"><img loading=\"lazy\" decoding=\"async\" width=\"1024\" height=\"768\" src=\"https:\/\/sportymiejskie.pl\/wp-content\/uploads\/2023\/07\/RbRr4-1024x768.jpg\" alt=\"\" class=\"wp-image-2203\" srcset=\"https:\/\/sportymiejskie.pl\/wp-content\/uploads\/2023\/07\/RbRr4-1024x768.jpg 1024w, https:\/\/sportymiejskie.pl\/wp-content\/uploads\/2023\/07\/RbRr4-300x225.jpg 300w, https:\/\/sportymiejskie.pl\/wp-content\/uploads\/2023\/07\/RbRr4-768x576.jpg 768w, https:\/\/sportymiejskie.pl\/wp-content\/uploads\/2023\/07\/RbRr4-150x113.jpg 150w, https:\/\/sportymiejskie.pl\/wp-content\/uploads\/2023\/07\/RbRr4-200x150.jpg 200w\" sizes=\"(max-width: 1024px) 100vw, 1024px\" \/><\/figure>\n\n\n\n<figure class=\"wp-block-image\"><img loading=\"lazy\" decoding=\"async\" width=\"1024\" height=\"768\" src=\"https:\/\/sportymiejskie.pl\/wp-content\/uploads\/2023\/07\/RbRr5-1024x768.jpg\" alt=\"\" class=\"wp-image-2204\" srcset=\"https:\/\/sportymiejskie.pl\/wp-content\/uploads\/2023\/07\/RbRr5-1024x768.jpg 1024w, https:\/\/sportymiejskie.pl\/wp-content\/uploads\/2023\/07\/RbRr5-300x225.jpg 300w, https:\/\/sportymiejskie.pl\/wp-content\/uploads\/2023\/07\/RbRr5-768x576.jpg 768w, https:\/\/sportymiejskie.pl\/wp-content\/uploads\/2023\/07\/RbRr5-150x113.jpg 150w, https:\/\/sportymiejskie.pl\/wp-content\/uploads\/2023\/07\/RbRr5-200x150.jpg 200w\" sizes=\"(max-width: 1024px) 100vw, 1024px\" \/><\/figure>\n\n\n\n<p>\u0179r\u00f3d\u0142o fotografii: archiwum autora<\/p>\n","protected":false},"excerpt":{"rendered":"<p>Kolejny raz Red Bull Roof Ride&nbsp;rozegrano w Katowicach. Podobnie jak w 2021 r. tras\u0119 przejazdu poprowadzono z dach\u00f3w MCK &nbsp;na plac przed Spodkiem. Ta edycja zawod\u00f3w by\u0142a jeszcze wi\u0119ksza, bo swoj\u0105 oddzieln\u0105 tras\u0119 przejazdu mieli r\u00f3wnie\u017c nieco mniej zaawansowani riderzy. \u0179r\u00f3d\u0142o fotografii: archiwum autora<\/p>\n","protected":false},"author":1,"featured_media":0,"comment_status":"closed","ping_status":"closed","sticky":false,"template":"","format":"standard","meta":{"footnotes":""},"categories":[7],"tags":[17,36,24,16,35],"_links":{"self":[{"href":"https:\/\/sportymiejskie.pl\/index.php\/wp-json\/wp\/v2\/posts\/2199"}],"collection":[{"href":"https:\/\/sportymiejskie.pl\/index.php\/wp-json\/wp\/v2\/posts"}],"about":[{"href":"https:\/\/sportymiejskie.pl\/index.php\/wp-json\/wp\/v2\/types\/post"}],"author":[{"embeddable":true,"href":"https:\/\/sportymiejskie.pl\/index.php\/wp-json\/wp\/v2\/users\/1"}],"replies":[{"embeddable":true,"href":"https:\/\/sportymiejskie.pl\/index.php\/wp-json\/wp\/v2\/comments?post=2199"}],"version-history":[{"count":3,"href":"https:\/\/sportymiejskie.pl\/index.php\/wp-json\/wp\/v2\/posts\/2199\/revisions"}],"predecessor-version":[{"id":2216,"href":"https:\/\/sportymiejskie.pl\/index.php\/wp-json\/wp\/v2\/posts\/2199\/revisions\/2216"}],"wp:attachment":[{"href":"https:\/\/sportymiejskie.pl\/index.php\/wp-json\/wp\/v2\/media?parent=2199"}],"wp:term":[{"taxonomy":"category","embeddable":true,"href":"https:\/\/sportymiejskie.pl\/index.php\/wp-json\/wp\/v2\/categories?post=2199"},{"taxonomy":"post_tag","embeddable":true,"href":"https:\/\/sportymiejskie.pl\/index.php\/wp-json\/wp\/v2\/tags?post=2199"}],"curies":[{"name":"wp","href":"https:\/\/api.w.org\/{rel}","templated":true}]}}