{"id":3259,"date":"2025-03-22T00:15:00","date_gmt":"2025-03-21T23:15:00","guid":{"rendered":"https:\/\/sportymiejskie.pl\/?p=3259"},"modified":"2025-02-15T10:56:59","modified_gmt":"2025-02-15T09:56:59","slug":"cycloid-piazza","status":"publish","type":"post","link":"https:\/\/sportymiejskie.pl\/index.php\/2025\/03\/22\/cycloid-piazza\/","title":{"rendered":"Cyclo\u00efd Piazza"},"content":{"rendered":"\n<p>To skatepark i jednocze\u015bnie tymczasowa &nbsp;instalacja artystyczna autorstwa Rapha\u00ebla Zarki i architekta&nbsp; Jeana-Beno\u00eet V\u00e9tillarda. Z okazji zbli\u017caj\u0105cych si\u0119 Igrzysk Olimpijskich, &nbsp;obok Centrum Pompidou w Pary\u017cu, na powierzchni ok. 400 m\u00b2 powsta\u0142 bowl i rampa. Przy projektowaniu Cyclo\u00efd Piazza &nbsp;Zarka inspirowa\u0142 si\u0119 pracami Galileusza, a skatepark by\u0142 dost\u0119pny do wrze\u015bnia 2024 r.<\/p>\n\n\n\n<figure class=\"wp-block-image size-large\"><img loading=\"lazy\" decoding=\"async\" width=\"1024\" height=\"682\" src=\"https:\/\/sportymiejskie.pl\/wp-content\/uploads\/2025\/02\/1091983-cycloide-piazza-le-skatepark-et-oeuvre-d-art-de-raphael-zarka-au-centre-pompidou-a7c8532-1024x682.jpg\" alt=\"\" class=\"wp-image-3270\" srcset=\"https:\/\/sportymiejskie.pl\/wp-content\/uploads\/2025\/02\/1091983-cycloide-piazza-le-skatepark-et-oeuvre-d-art-de-raphael-zarka-au-centre-pompidou-a7c8532-1024x682.jpg 1024w, https:\/\/sportymiejskie.pl\/wp-content\/uploads\/2025\/02\/1091983-cycloide-piazza-le-skatepark-et-oeuvre-d-art-de-raphael-zarka-au-centre-pompidou-a7c8532-300x200.jpg 300w, https:\/\/sportymiejskie.pl\/wp-content\/uploads\/2025\/02\/1091983-cycloide-piazza-le-skatepark-et-oeuvre-d-art-de-raphael-zarka-au-centre-pompidou-a7c8532-768x512.jpg 768w, https:\/\/sportymiejskie.pl\/wp-content\/uploads\/2025\/02\/1091983-cycloide-piazza-le-skatepark-et-oeuvre-d-art-de-raphael-zarka-au-centre-pompidou-a7c8532-1536x1023.jpg 1536w, https:\/\/sportymiejskie.pl\/wp-content\/uploads\/2025\/02\/1091983-cycloide-piazza-le-skatepark-et-oeuvre-d-art-de-raphael-zarka-au-centre-pompidou-a7c8532-150x100.jpg 150w, https:\/\/sportymiejskie.pl\/wp-content\/uploads\/2025\/02\/1091983-cycloide-piazza-le-skatepark-et-oeuvre-d-art-de-raphael-zarka-au-centre-pompidou-a7c8532-225x150.jpg 225w, https:\/\/sportymiejskie.pl\/wp-content\/uploads\/2025\/02\/1091983-cycloide-piazza-le-skatepark-et-oeuvre-d-art-de-raphael-zarka-au-centre-pompidou-a7c8532.jpg 1800w\" sizes=\"(max-width: 1024px) 100vw, 1024px\" \/><\/figure>\n\n\n\n<figure class=\"wp-block-image size-large\"><img loading=\"lazy\" decoding=\"async\" width=\"1024\" height=\"576\" src=\"https:\/\/sportymiejskie.pl\/wp-content\/uploads\/2025\/02\/hero2-cycloid-piazza-raphael-zarka-paris_dezeen_2364_col_0-1-1024x576.jpg\" alt=\"\" class=\"wp-image-3261\" srcset=\"https:\/\/sportymiejskie.pl\/wp-content\/uploads\/2025\/02\/hero2-cycloid-piazza-raphael-zarka-paris_dezeen_2364_col_0-1-1024x576.jpg 1024w, https:\/\/sportymiejskie.pl\/wp-content\/uploads\/2025\/02\/hero2-cycloid-piazza-raphael-zarka-paris_dezeen_2364_col_0-1-300x169.jpg 300w, https:\/\/sportymiejskie.pl\/wp-content\/uploads\/2025\/02\/hero2-cycloid-piazza-raphael-zarka-paris_dezeen_2364_col_0-1-768x432.jpg 768w, https:\/\/sportymiejskie.pl\/wp-content\/uploads\/2025\/02\/hero2-cycloid-piazza-raphael-zarka-paris_dezeen_2364_col_0-1-1536x864.jpg 1536w, https:\/\/sportymiejskie.pl\/wp-content\/uploads\/2025\/02\/hero2-cycloid-piazza-raphael-zarka-paris_dezeen_2364_col_0-1-2048x1151.jpg 2048w, https:\/\/sportymiejskie.pl\/wp-content\/uploads\/2025\/02\/hero2-cycloid-piazza-raphael-zarka-paris_dezeen_2364_col_0-1-150x84.jpg 150w, https:\/\/sportymiejskie.pl\/wp-content\/uploads\/2025\/02\/hero2-cycloid-piazza-raphael-zarka-paris_dezeen_2364_col_0-1-250x141.jpg 250w\" sizes=\"(max-width: 1024px) 100vw, 1024px\" \/><\/figure>\n\n\n\n<figure class=\"wp-block-image size-large\"><img loading=\"lazy\" decoding=\"async\" width=\"683\" height=\"1024\" src=\"https:\/\/sportymiejskie.pl\/wp-content\/uploads\/2025\/02\/Cyclode_Piazza_de_Raphael_Zarka_pour_le_Centre_Pompidou_2024_Crdit_Photo_Fred_Mortagne_2024_suite_5-683x1024.jpg\" alt=\"\" class=\"wp-image-3262\" srcset=\"https:\/\/sportymiejskie.pl\/wp-content\/uploads\/2025\/02\/Cyclode_Piazza_de_Raphael_Zarka_pour_le_Centre_Pompidou_2024_Crdit_Photo_Fred_Mortagne_2024_suite_5-683x1024.jpg 683w, https:\/\/sportymiejskie.pl\/wp-content\/uploads\/2025\/02\/Cyclode_Piazza_de_Raphael_Zarka_pour_le_Centre_Pompidou_2024_Crdit_Photo_Fred_Mortagne_2024_suite_5-200x300.jpg 200w, https:\/\/sportymiejskie.pl\/wp-content\/uploads\/2025\/02\/Cyclode_Piazza_de_Raphael_Zarka_pour_le_Centre_Pompidou_2024_Crdit_Photo_Fred_Mortagne_2024_suite_5-768x1152.jpg 768w, https:\/\/sportymiejskie.pl\/wp-content\/uploads\/2025\/02\/Cyclode_Piazza_de_Raphael_Zarka_pour_le_Centre_Pompidou_2024_Crdit_Photo_Fred_Mortagne_2024_suite_5-1024x1536.jpg 1024w, https:\/\/sportymiejskie.pl\/wp-content\/uploads\/2025\/02\/Cyclode_Piazza_de_Raphael_Zarka_pour_le_Centre_Pompidou_2024_Crdit_Photo_Fred_Mortagne_2024_suite_5-1365x2048.jpg 1365w, https:\/\/sportymiejskie.pl\/wp-content\/uploads\/2025\/02\/Cyclode_Piazza_de_Raphael_Zarka_pour_le_Centre_Pompidou_2024_Crdit_Photo_Fred_Mortagne_2024_suite_5-100x150.jpg 100w, https:\/\/sportymiejskie.pl\/wp-content\/uploads\/2025\/02\/Cyclode_Piazza_de_Raphael_Zarka_pour_le_Centre_Pompidou_2024_Crdit_Photo_Fred_Mortagne_2024_suite_5-scaled.jpg 1707w\" sizes=\"(max-width: 683px) 100vw, 683px\" \/><\/figure>\n\n\n\n<p>\u0179r\u00f3d\u0142o fotografii: www.sortiraparis.com, www.dezeen.com (Fred Mortage)<\/p>\n","protected":false},"excerpt":{"rendered":"<p>To skatepark i jednocze\u015bnie tymczasowa &nbsp;instalacja artystyczna autorstwa Rapha\u00ebla Zarki i architekta&nbsp; Jeana-Beno\u00eet V\u00e9tillarda. Z okazji zbli\u017caj\u0105cych si\u0119 Igrzysk Olimpijskich, &nbsp;obok Centrum Pompidou w Pary\u017cu, na powierzchni ok. 400 m\u00b2 powsta\u0142 bowl i rampa. Przy projektowaniu Cyclo\u00efd Piazza &nbsp;Zarka inspirowa\u0142 si\u0119 pracami Galileusza, a skatepark by\u0142 dost\u0119pny do wrze\u015bnia 2024&#8230; <a class=\"continue-reading-link\" href=\"https:\/\/sportymiejskie.pl\/index.php\/2025\/03\/22\/cycloid-piazza\/\"> Continue reading <span class=\"meta-nav\">&rarr; <\/span><\/a><\/p>\n","protected":false},"author":1,"featured_media":0,"comment_status":"closed","ping_status":"closed","sticky":false,"template":"","format":"standard","meta":{"footnotes":""},"categories":[7],"tags":[56,46,55,15,59],"_links":{"self":[{"href":"https:\/\/sportymiejskie.pl\/index.php\/wp-json\/wp\/v2\/posts\/3259"}],"collection":[{"href":"https:\/\/sportymiejskie.pl\/index.php\/wp-json\/wp\/v2\/posts"}],"about":[{"href":"https:\/\/sportymiejskie.pl\/index.php\/wp-json\/wp\/v2\/types\/post"}],"author":[{"embeddable":true,"href":"https:\/\/sportymiejskie.pl\/index.php\/wp-json\/wp\/v2\/users\/1"}],"replies":[{"embeddable":true,"href":"https:\/\/sportymiejskie.pl\/index.php\/wp-json\/wp\/v2\/comments?post=3259"}],"version-history":[{"count":2,"href":"https:\/\/sportymiejskie.pl\/index.php\/wp-json\/wp\/v2\/posts\/3259\/revisions"}],"predecessor-version":[{"id":3272,"href":"https:\/\/sportymiejskie.pl\/index.php\/wp-json\/wp\/v2\/posts\/3259\/revisions\/3272"}],"wp:attachment":[{"href":"https:\/\/sportymiejskie.pl\/index.php\/wp-json\/wp\/v2\/media?parent=3259"}],"wp:term":[{"taxonomy":"category","embeddable":true,"href":"https:\/\/sportymiejskie.pl\/index.php\/wp-json\/wp\/v2\/categories?post=3259"},{"taxonomy":"post_tag","embeddable":true,"href":"https:\/\/sportymiejskie.pl\/index.php\/wp-json\/wp\/v2\/tags?post=3259"}],"curies":[{"name":"wp","href":"https:\/\/api.w.org\/{rel}","templated":true}]}}