{"id":3653,"date":"2026-01-24T00:06:00","date_gmt":"2026-01-23T23:06:00","guid":{"rendered":"https:\/\/sportymiejskie.pl\/?p=3653"},"modified":"2026-01-30T15:49:36","modified_gmt":"2026-01-30T14:49:36","slug":"rue-leon-cladel","status":"publish","type":"post","link":"https:\/\/sportymiejskie.pl\/index.php\/2026\/01\/24\/rue-leon-cladel\/","title":{"rendered":"Rue L\u00e9on Cladel\u00a0"},"content":{"rendered":"\n<p>Nie by\u0142o by nic niezwyk\u0142ego w stwierdzeniu, \u017ce \u015br\u00f3dmiejska Rue L\u00e9on Cladel w Pary\u017cu zosta\u0142a przekszta\u0142cona w ci\u0105g pieszo-jezdny. Ale gdy dodany, \u017ce s\u0142owo \u201ejezdny\u201d dotyczy desek, hulajn\u00f3g i rolek, to zmienia posta\u0107 rzeczy. Z ulicy usuni\u0119to ruch ko\u0142owy i zamieniono w przestrze\u0144, w kt\u00f3rej skaterzy towarzysz\u0105 przechodniom. Albo na odwr\u00f3t. Strefa jazdy o d\u0142ugo\u015bci ok. 60 m i powierzchni 630 m\u00b2\u00a0\u00a0powsta\u0142a w roku 2012. W s\u0105siedztwie budynk\u00f3w Haussmanna, rzut beretem od Opery, Luwru i d\u2019Orsay. W prace projektowe zaanga\u017cowany by\u0142 wspominany ju\u017c wcze\u015bniej artysta i skater Rapha\u00ebl Zarka.<\/p>\n\n\n\n<figure class=\"wp-block-image size-large\"><img loading=\"lazy\" decoding=\"async\" width=\"1024\" height=\"683\" src=\"https:\/\/sportymiejskie.pl\/wp-content\/uploads\/2025\/12\/PARIS-Rue-Cladel_01-1024x683.jpg\" alt=\"\" class=\"wp-image-3654\" srcset=\"https:\/\/sportymiejskie.pl\/wp-content\/uploads\/2025\/12\/PARIS-Rue-Cladel_01-1024x683.jpg 1024w, https:\/\/sportymiejskie.pl\/wp-content\/uploads\/2025\/12\/PARIS-Rue-Cladel_01-300x200.jpg 300w, https:\/\/sportymiejskie.pl\/wp-content\/uploads\/2025\/12\/PARIS-Rue-Cladel_01-768x512.jpg 768w, https:\/\/sportymiejskie.pl\/wp-content\/uploads\/2025\/12\/PARIS-Rue-Cladel_01-1536x1024.jpg 1536w, https:\/\/sportymiejskie.pl\/wp-content\/uploads\/2025\/12\/PARIS-Rue-Cladel_01-150x100.jpg 150w, https:\/\/sportymiejskie.pl\/wp-content\/uploads\/2025\/12\/PARIS-Rue-Cladel_01-225x150.jpg 225w, https:\/\/sportymiejskie.pl\/wp-content\/uploads\/2025\/12\/PARIS-Rue-Cladel_01.jpg 1920w\" sizes=\"(max-width: 1024px) 100vw, 1024px\" \/><\/figure>\n\n\n\n<figure class=\"wp-block-image size-large\"><img loading=\"lazy\" decoding=\"async\" width=\"1024\" height=\"683\" src=\"https:\/\/sportymiejskie.pl\/wp-content\/uploads\/2025\/12\/PARIS-Rue-Cladel_02-1024x683.jpg\" alt=\"\" class=\"wp-image-3655\" srcset=\"https:\/\/sportymiejskie.pl\/wp-content\/uploads\/2025\/12\/PARIS-Rue-Cladel_02-1024x683.jpg 1024w, https:\/\/sportymiejskie.pl\/wp-content\/uploads\/2025\/12\/PARIS-Rue-Cladel_02-300x200.jpg 300w, https:\/\/sportymiejskie.pl\/wp-content\/uploads\/2025\/12\/PARIS-Rue-Cladel_02-768x512.jpg 768w, https:\/\/sportymiejskie.pl\/wp-content\/uploads\/2025\/12\/PARIS-Rue-Cladel_02-1536x1024.jpg 1536w, https:\/\/sportymiejskie.pl\/wp-content\/uploads\/2025\/12\/PARIS-Rue-Cladel_02-150x100.jpg 150w, https:\/\/sportymiejskie.pl\/wp-content\/uploads\/2025\/12\/PARIS-Rue-Cladel_02-225x150.jpg 225w, https:\/\/sportymiejskie.pl\/wp-content\/uploads\/2025\/12\/PARIS-Rue-Cladel_02.jpg 1920w\" sizes=\"(max-width: 1024px) 100vw, 1024px\" \/><\/figure>\n\n\n\n<figure class=\"wp-block-image size-large\"><img loading=\"lazy\" decoding=\"async\" width=\"1024\" height=\"683\" src=\"https:\/\/sportymiejskie.pl\/wp-content\/uploads\/2025\/12\/PARIS-Rue-Cladel_03-1024x683.jpg\" alt=\"\" class=\"wp-image-3658\" srcset=\"https:\/\/sportymiejskie.pl\/wp-content\/uploads\/2025\/12\/PARIS-Rue-Cladel_03-1024x683.jpg 1024w, https:\/\/sportymiejskie.pl\/wp-content\/uploads\/2025\/12\/PARIS-Rue-Cladel_03-300x200.jpg 300w, https:\/\/sportymiejskie.pl\/wp-content\/uploads\/2025\/12\/PARIS-Rue-Cladel_03-768x512.jpg 768w, https:\/\/sportymiejskie.pl\/wp-content\/uploads\/2025\/12\/PARIS-Rue-Cladel_03-1536x1024.jpg 1536w, https:\/\/sportymiejskie.pl\/wp-content\/uploads\/2025\/12\/PARIS-Rue-Cladel_03-150x100.jpg 150w, https:\/\/sportymiejskie.pl\/wp-content\/uploads\/2025\/12\/PARIS-Rue-Cladel_03-225x150.jpg 225w, https:\/\/sportymiejskie.pl\/wp-content\/uploads\/2025\/12\/PARIS-Rue-Cladel_03.jpg 1920w\" sizes=\"(max-width: 1024px) 100vw, 1024px\" \/><\/figure>\n\n\n\n<figure class=\"wp-block-image size-large\"><img loading=\"lazy\" decoding=\"async\" width=\"1024\" height=\"683\" src=\"https:\/\/sportymiejskie.pl\/wp-content\/uploads\/2025\/12\/PARIS-Rue-Cladel_06-1024x683.jpg\" alt=\"\" class=\"wp-image-3656\" srcset=\"https:\/\/sportymiejskie.pl\/wp-content\/uploads\/2025\/12\/PARIS-Rue-Cladel_06-1024x683.jpg 1024w, https:\/\/sportymiejskie.pl\/wp-content\/uploads\/2025\/12\/PARIS-Rue-Cladel_06-300x200.jpg 300w, https:\/\/sportymiejskie.pl\/wp-content\/uploads\/2025\/12\/PARIS-Rue-Cladel_06-768x512.jpg 768w, https:\/\/sportymiejskie.pl\/wp-content\/uploads\/2025\/12\/PARIS-Rue-Cladel_06-1536x1024.jpg 1536w, https:\/\/sportymiejskie.pl\/wp-content\/uploads\/2025\/12\/PARIS-Rue-Cladel_06-150x100.jpg 150w, https:\/\/sportymiejskie.pl\/wp-content\/uploads\/2025\/12\/PARIS-Rue-Cladel_06-225x150.jpg 225w, https:\/\/sportymiejskie.pl\/wp-content\/uploads\/2025\/12\/PARIS-Rue-Cladel_06.jpg 1920w\" sizes=\"(max-width: 1024px) 100vw, 1024px\" \/><\/figure>\n\n\n\n<p>\u0179r\u00f3d\u0142o fotografii: www.constructo.fr<\/p>\n","protected":false},"excerpt":{"rendered":"<p>Nie by\u0142o by nic niezwyk\u0142ego w stwierdzeniu, \u017ce \u015br\u00f3dmiejska Rue L\u00e9on Cladel w Pary\u017cu zosta\u0142a przekszta\u0142cona w ci\u0105g pieszo-jezdny. Ale gdy dodany, \u017ce s\u0142owo \u201ejezdny\u201d dotyczy desek, hulajn\u00f3g i rolek, to zmienia posta\u0107 rzeczy. Z ulicy usuni\u0119to ruch ko\u0142owy i zamieniono w przestrze\u0144, w kt\u00f3rej skaterzy towarzysz\u0105 przechodniom. Albo na&#8230; <a class=\"continue-reading-link\" href=\"https:\/\/sportymiejskie.pl\/index.php\/2026\/01\/24\/rue-leon-cladel\/\"> Continue reading <span class=\"meta-nav\">&rarr; <\/span><\/a><\/p>\n","protected":false},"author":1,"featured_media":0,"comment_status":"closed","ping_status":"closed","sticky":false,"template":"","format":"standard","meta":{"footnotes":""},"categories":[7],"tags":[17,55,15,16],"_links":{"self":[{"href":"https:\/\/sportymiejskie.pl\/index.php\/wp-json\/wp\/v2\/posts\/3653"}],"collection":[{"href":"https:\/\/sportymiejskie.pl\/index.php\/wp-json\/wp\/v2\/posts"}],"about":[{"href":"https:\/\/sportymiejskie.pl\/index.php\/wp-json\/wp\/v2\/types\/post"}],"author":[{"embeddable":true,"href":"https:\/\/sportymiejskie.pl\/index.php\/wp-json\/wp\/v2\/users\/1"}],"replies":[{"embeddable":true,"href":"https:\/\/sportymiejskie.pl\/index.php\/wp-json\/wp\/v2\/comments?post=3653"}],"version-history":[{"count":3,"href":"https:\/\/sportymiejskie.pl\/index.php\/wp-json\/wp\/v2\/posts\/3653\/revisions"}],"predecessor-version":[{"id":3711,"href":"https:\/\/sportymiejskie.pl\/index.php\/wp-json\/wp\/v2\/posts\/3653\/revisions\/3711"}],"wp:attachment":[{"href":"https:\/\/sportymiejskie.pl\/index.php\/wp-json\/wp\/v2\/media?parent=3653"}],"wp:term":[{"taxonomy":"category","embeddable":true,"href":"https:\/\/sportymiejskie.pl\/index.php\/wp-json\/wp\/v2\/categories?post=3653"},{"taxonomy":"post_tag","embeddable":true,"href":"https:\/\/sportymiejskie.pl\/index.php\/wp-json\/wp\/v2\/tags?post=3653"}],"curies":[{"name":"wp","href":"https:\/\/api.w.org\/{rel}","templated":true}]}}