{"id":860,"date":"2022-02-12T00:05:13","date_gmt":"2022-02-11T23:05:13","guid":{"rendered":"http:\/\/sportymiejskie.pl\/?p=860"},"modified":"2023-07-01T13:28:45","modified_gmt":"2023-07-01T11:28:45","slug":"sportival","status":"publish","type":"post","link":"https:\/\/sportymiejskie.pl\/index.php\/2022\/02\/12\/sportival\/","title":{"rendered":"Sportival"},"content":{"rendered":"\n<p>Sportival w Lublinie to cykliczne, miejskie wydarzenie sportowe, kt\u00f3re odbywa\u0142o si\u0119 w latach 2014-2016 i mia\u0142o  edycje letni\u0105  oraz zimow\u0105. Jedn\u0105 z aren sportowych zmaga\u0144 by\u0142 Plac Zamkowy. Plac  powsta\u0142 w efekcie&nbsp; powojennych przekszta\u0142ce\u0144 struktury funkcjonalno-przestrzennej otoczenia Starego Miasta. Dwa razy w roku p\u0142yta Placu oraz schody na skarpie wzg\u00f3rza zamkowego doznawa\u0142y tymczasowej transformacji w  miejsce rywalizacji ekstremalnych rowerzyst\u00f3w, narciarzy i snowboardzist\u00f3w. Publiczna przestrze\u0144 by\u0142a na kilka dni wy\u0142\u0105czana ze swojego&nbsp; zasadniczego u\u017cytkowania (parkingu) i lokowano w niej konstrukcje s\u0142u\u017c\u0105ce do wykonywania sportowych ewolucji oraz widowni\u0119. Ostatnia edycja Sportivalu mia\u0142a miejsce zim\u0105 2016 r.<\/p>\n\n\n\n<figure class=\"wp-block-image\"><img loading=\"lazy\" decoding=\"async\" width=\"1000\" height=\"704\" src=\"https:\/\/sportymiejskie.pl\/wp-content\/uploads\/2022\/01\/lublin-sportival-4.jpg\" alt=\"\" class=\"wp-image-861\" srcset=\"https:\/\/sportymiejskie.pl\/wp-content\/uploads\/2022\/01\/lublin-sportival-4.jpg 1000w, https:\/\/sportymiejskie.pl\/wp-content\/uploads\/2022\/01\/lublin-sportival-4-300x211.jpg 300w, https:\/\/sportymiejskie.pl\/wp-content\/uploads\/2022\/01\/lublin-sportival-4-768x541.jpg 768w, https:\/\/sportymiejskie.pl\/wp-content\/uploads\/2022\/01\/lublin-sportival-4-150x106.jpg 150w, https:\/\/sportymiejskie.pl\/wp-content\/uploads\/2022\/01\/lublin-sportival-4-213x150.jpg 213w\" sizes=\"(max-width: 1000px) 100vw, 1000px\" \/><\/figure>\n\n\n\n<figure class=\"wp-block-image\"><img loading=\"lazy\" decoding=\"async\" width=\"1024\" height=\"683\" src=\"https:\/\/sportymiejskie.pl\/wp-content\/uploads\/2022\/02\/sportival_2015_edycja_zimowa_2klyWeqWcZmpRmdiQiHtf-1024x683.jpg\" alt=\"\" class=\"wp-image-913\" srcset=\"https:\/\/sportymiejskie.pl\/wp-content\/uploads\/2022\/02\/sportival_2015_edycja_zimowa_2klyWeqWcZmpRmdiQiHtf-1024x683.jpg 1024w, https:\/\/sportymiejskie.pl\/wp-content\/uploads\/2022\/02\/sportival_2015_edycja_zimowa_2klyWeqWcZmpRmdiQiHtf-300x200.jpg 300w, https:\/\/sportymiejskie.pl\/wp-content\/uploads\/2022\/02\/sportival_2015_edycja_zimowa_2klyWeqWcZmpRmdiQiHtf-768x512.jpg 768w, https:\/\/sportymiejskie.pl\/wp-content\/uploads\/2022\/02\/sportival_2015_edycja_zimowa_2klyWeqWcZmpRmdiQiHtf-150x100.jpg 150w, https:\/\/sportymiejskie.pl\/wp-content\/uploads\/2022\/02\/sportival_2015_edycja_zimowa_2klyWeqWcZmpRmdiQiHtf-225x150.jpg 225w, https:\/\/sportymiejskie.pl\/wp-content\/uploads\/2022\/02\/sportival_2015_edycja_zimowa_2klyWeqWcZmpRmdiQiHtf.jpg 1368w\" sizes=\"(max-width: 1024px) 100vw, 1024px\" \/><\/figure>\n\n\n\n<p>\u0179r\u00f3d\u0142a fotografii: www.43ride.com, www.lublin.eu<\/p>\n","protected":false},"excerpt":{"rendered":"<p>Sportival w Lublinie to cykliczne, miejskie wydarzenie sportowe, kt\u00f3re odbywa\u0142o si\u0119 w latach 2014-2016 i mia\u0142o edycje letni\u0105 oraz zimow\u0105. Jedn\u0105 z aren sportowych zmaga\u0144 by\u0142 Plac Zamkowy. Plac powsta\u0142 w efekcie&nbsp; powojennych przekszta\u0142ce\u0144 struktury funkcjonalno-przestrzennej otoczenia Starego Miasta. Dwa razy w roku p\u0142yta Placu oraz schody na skarpie wzg\u00f3rza&#8230; <a class=\"continue-reading-link\" href=\"https:\/\/sportymiejskie.pl\/index.php\/2022\/02\/12\/sportival\/\"> Continue reading <span class=\"meta-nav\">&rarr; <\/span><\/a><\/p>\n","protected":false},"author":1,"featured_media":0,"comment_status":"closed","ping_status":"closed","sticky":false,"template":"","format":"standard","meta":{"footnotes":""},"categories":[7],"tags":[17,36,23,30,31,16,35],"_links":{"self":[{"href":"https:\/\/sportymiejskie.pl\/index.php\/wp-json\/wp\/v2\/posts\/860"}],"collection":[{"href":"https:\/\/sportymiejskie.pl\/index.php\/wp-json\/wp\/v2\/posts"}],"about":[{"href":"https:\/\/sportymiejskie.pl\/index.php\/wp-json\/wp\/v2\/types\/post"}],"author":[{"embeddable":true,"href":"https:\/\/sportymiejskie.pl\/index.php\/wp-json\/wp\/v2\/users\/1"}],"replies":[{"embeddable":true,"href":"https:\/\/sportymiejskie.pl\/index.php\/wp-json\/wp\/v2\/comments?post=860"}],"version-history":[{"count":8,"href":"https:\/\/sportymiejskie.pl\/index.php\/wp-json\/wp\/v2\/posts\/860\/revisions"}],"predecessor-version":[{"id":1347,"href":"https:\/\/sportymiejskie.pl\/index.php\/wp-json\/wp\/v2\/posts\/860\/revisions\/1347"}],"wp:attachment":[{"href":"https:\/\/sportymiejskie.pl\/index.php\/wp-json\/wp\/v2\/media?parent=860"}],"wp:term":[{"taxonomy":"category","embeddable":true,"href":"https:\/\/sportymiejskie.pl\/index.php\/wp-json\/wp\/v2\/categories?post=860"},{"taxonomy":"post_tag","embeddable":true,"href":"https:\/\/sportymiejskie.pl\/index.php\/wp-json\/wp\/v2\/tags?post=860"}],"curies":[{"name":"wp","href":"https:\/\/api.w.org\/{rel}","templated":true}]}}