{"id":984,"date":"2022-04-09T00:06:16","date_gmt":"2022-04-08T22:06:16","guid":{"rendered":"http:\/\/sportymiejskie.pl\/?p=984"},"modified":"2023-10-28T19:16:14","modified_gmt":"2023-10-28T17:16:14","slug":"flakturm","status":"publish","type":"post","link":"https:\/\/sportymiejskie.pl\/index.php\/2022\/04\/09\/flakturm\/","title":{"rendered":"Flakturm"},"content":{"rendered":"\n<p>Flakturm to jedna z 6 wie\u017c systemu obrony przeciwlotniczej \u015br\u00f3dmie\u015bcia Wiednia z czas\u00f3w II W\u015a. Ulokowany w  Esterhazypark  obiekt o wys. 47 m zosta\u0142 uko\u0144czony w 1944 r. Po wojnie wie\u017c\u0119 adaptowano do r\u00f3\u017cnych funkcji, kt\u00f3re mia\u0142y  wp\u0142yw na transformacj\u0119 kszta\u0142tu budowli. Zmiany by\u0142y na tyle istotne, \u017ce jako jedyna z zespo\u0142u, wie\u017ca zosta\u0142a wykre\u015blona z listy obiekt\u00f3w obj\u0119tych ochron\u0105. Wsp\u00f3\u0142cze\u015bnie znajduje si\u0119 tam m.in. <a href=\"https:\/\/www.flakturm-klettern.at\/\">centrum wspinaczkowe<\/a>. W przyziemiu usytuowano wydzielon\u0105 stref\u0119 boulderingu, a na zewn\u0119trznych \u015bcianach wie\u017cy powsta\u0142o ponad 20 dr\u00f3g wspinaczkowych o d\u0142ugo\u015bci ok. 30 m. <\/p>\n\n\n\n<figure class=\"wp-block-image\"><img loading=\"lazy\" decoding=\"async\" width=\"1024\" height=\"768\" src=\"https:\/\/sportymiejskie.pl\/wp-content\/uploads\/2022\/02\/KF1-1024x768.jpg\" alt=\"\" class=\"wp-image-985\" srcset=\"https:\/\/sportymiejskie.pl\/wp-content\/uploads\/2022\/02\/KF1-1024x768.jpg 1024w, https:\/\/sportymiejskie.pl\/wp-content\/uploads\/2022\/02\/KF1-300x225.jpg 300w, https:\/\/sportymiejskie.pl\/wp-content\/uploads\/2022\/02\/KF1-768x576.jpg 768w, https:\/\/sportymiejskie.pl\/wp-content\/uploads\/2022\/02\/KF1-150x113.jpg 150w, https:\/\/sportymiejskie.pl\/wp-content\/uploads\/2022\/02\/KF1-200x150.jpg 200w\" sizes=\"(max-width: 1024px) 100vw, 1024px\" \/><\/figure>\n\n\n\n<figure class=\"wp-block-image\"><img loading=\"lazy\" decoding=\"async\" width=\"1024\" height=\"682\" src=\"https:\/\/sportymiejskie.pl\/wp-content\/uploads\/2022\/02\/KF5-1024x682.jpg\" alt=\"\" class=\"wp-image-993\" srcset=\"https:\/\/sportymiejskie.pl\/wp-content\/uploads\/2022\/02\/KF5-1024x682.jpg 1024w, https:\/\/sportymiejskie.pl\/wp-content\/uploads\/2022\/02\/KF5-300x200.jpg 300w, https:\/\/sportymiejskie.pl\/wp-content\/uploads\/2022\/02\/KF5-768x511.jpg 768w, https:\/\/sportymiejskie.pl\/wp-content\/uploads\/2022\/02\/KF5-150x100.jpg 150w, https:\/\/sportymiejskie.pl\/wp-content\/uploads\/2022\/02\/KF5-225x150.jpg 225w, https:\/\/sportymiejskie.pl\/wp-content\/uploads\/2022\/02\/KF5.jpg 2048w\" sizes=\"(max-width: 1024px) 100vw, 1024px\" \/><\/figure>\n\n\n\n<figure class=\"wp-block-image\"><img loading=\"lazy\" decoding=\"async\" width=\"1024\" height=\"682\" src=\"https:\/\/sportymiejskie.pl\/wp-content\/uploads\/2022\/02\/KF3-1024x682.jpg\" alt=\"\" class=\"wp-image-988\" srcset=\"https:\/\/sportymiejskie.pl\/wp-content\/uploads\/2022\/02\/KF3-1024x682.jpg 1024w, https:\/\/sportymiejskie.pl\/wp-content\/uploads\/2022\/02\/KF3-300x200.jpg 300w, https:\/\/sportymiejskie.pl\/wp-content\/uploads\/2022\/02\/KF3-768x512.jpg 768w, https:\/\/sportymiejskie.pl\/wp-content\/uploads\/2022\/02\/KF3-150x100.jpg 150w, https:\/\/sportymiejskie.pl\/wp-content\/uploads\/2022\/02\/KF3-225x150.jpg 225w, https:\/\/sportymiejskie.pl\/wp-content\/uploads\/2022\/02\/KF3.jpg 1280w\" sizes=\"(max-width: 1024px) 100vw, 1024px\" \/><\/figure>\n\n\n\n<p>\u0179r\u00f3d\u0142a fotografii: www.alpenverein-austria.at, www.flakturm-klettern.at<\/p>\n","protected":false},"excerpt":{"rendered":"<p>Flakturm to jedna z 6 wie\u017c systemu obrony przeciwlotniczej \u015br\u00f3dmie\u015bcia Wiednia z czas\u00f3w II W\u015a. Ulokowany w Esterhazypark obiekt o wys. 47 m zosta\u0142 uko\u0144czony w 1944 r. Po wojnie wie\u017c\u0119 adaptowano do r\u00f3\u017cnych funkcji, kt\u00f3re mia\u0142y wp\u0142yw na transformacj\u0119 kszta\u0142tu budowli. Zmiany by\u0142y na tyle istotne, \u017ce jako jedyna&#8230; <a class=\"continue-reading-link\" href=\"https:\/\/sportymiejskie.pl\/index.php\/2022\/04\/09\/flakturm\/\"> Continue reading <span class=\"meta-nav\">&rarr; <\/span><\/a><\/p>\n","protected":false},"author":1,"featured_media":0,"comment_status":"closed","ping_status":"closed","sticky":false,"template":"","format":"standard","meta":{"footnotes":""},"categories":[8],"tags":[17,3,40,16,14],"_links":{"self":[{"href":"https:\/\/sportymiejskie.pl\/index.php\/wp-json\/wp\/v2\/posts\/984"}],"collection":[{"href":"https:\/\/sportymiejskie.pl\/index.php\/wp-json\/wp\/v2\/posts"}],"about":[{"href":"https:\/\/sportymiejskie.pl\/index.php\/wp-json\/wp\/v2\/types\/post"}],"author":[{"embeddable":true,"href":"https:\/\/sportymiejskie.pl\/index.php\/wp-json\/wp\/v2\/users\/1"}],"replies":[{"embeddable":true,"href":"https:\/\/sportymiejskie.pl\/index.php\/wp-json\/wp\/v2\/comments?post=984"}],"version-history":[{"count":9,"href":"https:\/\/sportymiejskie.pl\/index.php\/wp-json\/wp\/v2\/posts\/984\/revisions"}],"predecessor-version":[{"id":1112,"href":"https:\/\/sportymiejskie.pl\/index.php\/wp-json\/wp\/v2\/posts\/984\/revisions\/1112"}],"wp:attachment":[{"href":"https:\/\/sportymiejskie.pl\/index.php\/wp-json\/wp\/v2\/media?parent=984"}],"wp:term":[{"taxonomy":"category","embeddable":true,"href":"https:\/\/sportymiejskie.pl\/index.php\/wp-json\/wp\/v2\/categories?post=984"},{"taxonomy":"post_tag","embeddable":true,"href":"https:\/\/sportymiejskie.pl\/index.php\/wp-json\/wp\/v2\/tags?post=984"}],"curies":[{"name":"wp","href":"https:\/\/api.w.org\/{rel}","templated":true}]}}